{"id":582,"date":"2023-07-25T09:08:00","date_gmt":"2023-07-25T07:08:00","guid":{"rendered":"https:\/\/kinocubecinema.com\/?p=582"},"modified":"2023-12-01T08:31:03","modified_gmt":"2023-12-01T07:31:03","slug":"cronica-do-cine-de-roca","status":"publish","type":"post","link":"https:\/\/kinocubecinema.com\/index.php\/2023\/07\/25\/cronica-do-cine-de-roca\/","title":{"rendered":"Cr\u00f3nica do Cine de Roca"},"content":{"rendered":"\n<p><strong>Feliz d\u00eda da Galiza! Volvemos das vacaci\u00f3ns de ver\u00e1n \u00e1 fin cun episodio especial, moi especial, por tres motivos: para comezar, volver sempre \u00e9 un pracer; ademais, xa que este \u00faltimo par\u00f3n foi bastante longo, ti\u00f1a ganas de recapitular un chisco arredor da canle, do seu presente e do seu futuro -comezaremos por aqu\u00ed, se vos parece-; para rematar, que ti\u00f1a ganas de utilizar o espazo desta semana para facer unha pequena cr\u00f3nica dun pequeno gran festival no que tivemos a honra de participar con Kinocube a principios deste caluroso mes de xullo: o Festival de Cine de Roca. <\/strong><\/p>\n\n\n\n<p>Roca \u00e9 unha pequena aldea chairega con moita vida grazas \u00e1 xente de Xermolos, que organiza dende hai dez anos un festival de cinema sobre m\u00fasica. O vencello de Xermolos e Guitiriz coa m\u00fasica est\u00e1 m\u00e1is que demostrado no Festival de Pardi\u00f1as, cunha cita de ver\u00e1n \u00e1 que estades a tempo de apuntarvos, no que se xunta a m\u00fasica folk, a tradici\u00f3n e o activismo cultural.<\/p>\n\n\n\n<p>Este ano, a xente do Festival prop\u00faxome participar nunha mesa redonda, unha rolda de presentaci\u00f3n de proxectos relacionados coa divulgaci\u00f3n de cinema. Agrad\u00e9zolle de coraz\u00f3n que contaran con n\u00f3s nesta ocasi\u00f3n perfecta para resaltar tanto a importancia da labor de divulgar o co\u00f1ecemento e o cari\u00f1o polo s\u00e9timo arte, como a da existencia de citas como o Cine de Roca, que achegan a cultura aos pobos pequenos, que a comparten de maneira interxeracional, que dan voz e representaci\u00f3n \u00e1s persoas, e que atraen talento e cultura de f\u00f3ra das nosas fronteiras, sen perder un \u00e1pice de cari\u00f1o e autenticidade. Porque tiven a ocasi\u00f3n de ver en Roca filmes internacionais, filmes nominados a grandes premios estatais, e todo na calidez de sentirse entre amigues (obrigada de novo, <em>Z\u00e9<\/em>!).<\/p>\n\n\n<div class=\"wp-block-image\">\n<figure class=\"aligncenter\"><img decoding=\"async\" src=\"https:\/\/64.media.tumblr.com\/e75e21ff4eb66dd1f5d0ce9b8fd2a2cf\/15b1abc3822bb54d-d0\/s640x960\/ee4b2596be87f59ceacc8815fed2ba7b259a7825.jpg\" alt=\"\"\/><\/figure>\n<\/div>\n\n\n<p><small><em>Na fotograf\u00eda, \u00c1ngela Arnosa (investigadora e Chanfaineira de San Sadurni\u00f1o), Sof\u00eda Naseiro (a que escribe esta bit\u00e1cora), Xos\u00e9 Manuel Veiga (organizador do Festival de Cine de Roca) e Fran Berm\u00fadez (\u201ca Lobeira today\u201d)<\/em>. Foto de Paulo Naseiro<\/small><small>.<\/small><\/p>\n\n\n\n<p>Na mesa redonda participou unha persoa que de seguro non vos \u00e9 allea aqu\u00ed na bit\u00e1cora: Fran da Lobeira, un compa\u00f1eiro de Twitch e Youtube que nos convida sempre a todas as ruadas. C\u00f3mpre dicir aqu\u00ed que Fran \u00e9 presidente da Asociaci\u00f3n Cultural Obradoiro Dixital Galego, ou ACODG, onde Kinocube tam\u00e9n figura como proxecto asociado. A ACODG xurde para dar acubillo a persoas creadoras de contido dixital en li\u00f1a en galego e dende aqu\u00ed estamos convencidos de que esta organizaci\u00f3n ten un grande futuro \u00e1 hora de tecer redes entre n\u00f3s e apoiar a aquelas persoas que dean o paso de po\u00f1erse a xerar contido en galego nos vindeiros anos. Bot\u00e1delle un ollo \u00e1 s\u00faa p\u00e1xina!<\/p>\n\n\n\n<p>A parte de presentar os nosos respectivos proxectos, puidemos debater coa xente de Roca e de Xermolos -reitero, xente de toda caste, xeraci\u00f3n, x\u00e9nero e bagaxe- arredor da nosa paix\u00f3n com\u00fan, como non, o cinema. D\u00e9uselle voz e voto ao p\u00fablico para que expresara que \u00e9 o cinema para cada un, e deu lugar a unha das m\u00e1is fermosas reflexi\u00f3ns colectivas que escoitei. Mencionouse o poder do cinema para reflectir as distintas realidades sociais e culturais, como linguaxe na que expresar os arelas dun, como xanela a outros mundos, como ferramenta de cambio e como arma, como altofalante para as voces das persoas. Non puiden resistirme a lembrar aquela escena da que vos te\u00f1o falado de Orson Welles e a catedral de Chartres: \u201cGo on singing\u201d. O cinema \u00e9 un canto \u00e1 humanidade, sigamos cantando.<\/p>\n\n\n<div class=\"wp-block-image\">\n<figure class=\"aligncenter\"><img decoding=\"async\" src=\"https:\/\/64.media.tumblr.com\/7d512f9df23a97fb6dd5a55a07c44cf8\/15b1abc3822bb54d-c4\/s640x960\/e48e35d856d023f6eb956bbc916c0f9d64ec81c5.jpg\" alt=\"\"\/><\/figure>\n<\/div>\n\n\n<p><small>Mesa redonda na Eira de Roca. Foto de Paulo Naseiro.<\/small><\/p>\n\n\n\n<p>Nas verbas daquelas persoas estaba a verdade que tento transmitir cada episodio; non \u00e9 que eu inventara nada. O significado do cinema est\u00e1 a\u00ed, no sentir das multitudes; pero tam\u00e9n no coraz\u00f3n do colectivo. Sigamos cantando, sigamos vendo filmes e filmando vidas, xunt\u00e1ndonos para celebrar as artes e levando a cultura a todos os coraz\u00f3ns.<\/p>\n","protected":false},"excerpt":{"rendered":"<p>Feliz d\u00eda da Galiza! Volvemos das vacaci\u00f3ns de ver\u00e1n \u00e1 fin cun episodio especial, moi especial, por tres motivos: para comezar, volver sempre \u00e9 un pracer; ademais, xa que este \u00faltimo par\u00f3n foi bastante longo, ti\u00f1a ganas de recapitular un chisco arredor da canle, do seu presente e do seu futuro -comezaremos por aqu\u00ed, se [&hellip;]<\/p>\n","protected":false},"author":1,"featured_media":851,"comment_status":"open","ping_status":"open","sticky":false,"template":"","format":"standard","meta":{"footnotes":""},"categories":[189],"tags":[195,196,194,193,8,191,192],"class_list":["post-582","post","type-post","status-publish","format-standard","has-post-thumbnail","hentry","category-cronicas","tag-a-lobeira-today","tag-acodg","tag-asociacion","tag-cine-de-roca","tag-cinema","tag-cronica-2","tag-en-persoa"],"_links":{"self":[{"href":"https:\/\/kinocubecinema.com\/index.php\/wp-json\/wp\/v2\/posts\/582","targetHints":{"allow":["GET"]}}],"collection":[{"href":"https:\/\/kinocubecinema.com\/index.php\/wp-json\/wp\/v2\/posts"}],"about":[{"href":"https:\/\/kinocubecinema.com\/index.php\/wp-json\/wp\/v2\/types\/post"}],"author":[{"embeddable":true,"href":"https:\/\/kinocubecinema.com\/index.php\/wp-json\/wp\/v2\/users\/1"}],"replies":[{"embeddable":true,"href":"https:\/\/kinocubecinema.com\/index.php\/wp-json\/wp\/v2\/comments?post=582"}],"version-history":[{"count":3,"href":"https:\/\/kinocubecinema.com\/index.php\/wp-json\/wp\/v2\/posts\/582\/revisions"}],"predecessor-version":[{"id":942,"href":"https:\/\/kinocubecinema.com\/index.php\/wp-json\/wp\/v2\/posts\/582\/revisions\/942"}],"wp:featuredmedia":[{"embeddable":true,"href":"https:\/\/kinocubecinema.com\/index.php\/wp-json\/wp\/v2\/media\/851"}],"wp:attachment":[{"href":"https:\/\/kinocubecinema.com\/index.php\/wp-json\/wp\/v2\/media?parent=582"}],"wp:term":[{"taxonomy":"category","embeddable":true,"href":"https:\/\/kinocubecinema.com\/index.php\/wp-json\/wp\/v2\/categories?post=582"},{"taxonomy":"post_tag","embeddable":true,"href":"https:\/\/kinocubecinema.com\/index.php\/wp-json\/wp\/v2\/tags?post=582"}],"curies":[{"name":"wp","href":"https:\/\/api.w.org\/{rel}","templated":true}]}}