{"id":212,"date":"2023-07-14T08:05:00","date_gmt":"2023-07-14T06:05:00","guid":{"rendered":"https:\/\/kinocubecinema.com\/?p=212"},"modified":"2024-07-04T15:02:51","modified_gmt":"2024-07-04T13:02:51","slug":"un-coitelo-sobre-veludo-amarelo-os-arquetipos-do-giallo","status":"publish","type":"post","link":"https:\/\/kinocubecinema.com\/index.php\/2023\/07\/14\/un-coitelo-sobre-veludo-amarelo-os-arquetipos-do-giallo\/","title":{"rendered":"Un coitelo sobre veludo amarelo: Os arquetipos do Giallo"},"content":{"rendered":"\n<p>Hai uns d\u00edas estreamos novo v\u00eddeo na nosa canle, e tr\u00e1tase dun v\u00eddeo moi especial! Compartirmos ideas e reflexi\u00f3ns con \u00c2ngelo e Sara do podcast Mal de Olho arredor do x\u00e9nero de cinema italiano <em>Giallo<\/em>. Se a\u00ednda non o v\u00edchedes, estades a tempo! <\/p>\n\n\n\n<figure class=\"wp-block-embed is-type-video is-provider-youtube wp-block-embed-youtube wp-embed-aspect-16-9 wp-has-aspect-ratio\"><div class=\"wp-block-embed__wrapper\">\n<iframe title=\"Un coitelo sobre veludo amarelo | Os arquetipos do Giallo\" width=\"800\" height=\"450\" src=\"https:\/\/www.youtube.com\/embed\/GwxSic1xaH8?feature=oembed\" frameborder=\"0\" allow=\"accelerometer; autoplay; clipboard-write; encrypted-media; gyroscope; picture-in-picture; web-share\" allowfullscreen><\/iframe>\n<\/div><\/figure>\n\n\n\n<p>A oportunidade de seguir a colaborar, e de facelo de maneiras novas, con xente tan sabia e interesante, \u00e9 un dos azos que nos insta a continuar con isto. O outro \u00e9, por suposto, o voso apoio incondicional como audiencia da canle e do blog! En fin, que <a href=\"http:\/\/o-medo-e-un-corte-profundo-os-arquetipos-do-slasher\">non ser\u00e1 a derradeira vez que convidemos a \u00c2ngelo e a Sara nos episodios que ve\u00f1en<\/a>, e fican moitas persoas interesantes que poden pasar por aqu\u00ed a darnos a s\u00faa opini\u00f3n sobre cousas chulas do cinema.<\/p>\n\n\n\n<p>O futuro da canle pasar\u00e1 por isto, e mais por outros moitos cambios que xa iredes vendo co tempo. Imos ser sinceros: a que escribe isto est\u00e1 a ter algo de menos tempo na s\u00faa vida para adicarllo a escribir episodios; pero a ilusi\u00f3n non decae e as ganas de seguir compartindo con v\u00f3s o amor polo cinema e a ansia de seguir aprendendo medran cada d\u00eda. Seguimos!<\/p>\n","protected":false},"excerpt":{"rendered":"<p>Hai uns d\u00edas estreamos novo v\u00eddeo na nosa canle, e tr\u00e1tase dun v\u00eddeo moi especial! Compartirmos ideas e reflexi\u00f3ns con \u00c2ngelo e Sara do podcast Mal de Olho arredor do x\u00e9nero de cinema italiano Giallo. Se a\u00ednda non o v\u00edchedes, estades a tempo! A oportunidade de seguir a colaborar, e de facelo de maneiras novas, [&hellip;]<\/p>\n","protected":false},"author":1,"featured_media":852,"comment_status":"open","ping_status":"open","sticky":false,"template":"","format":"standard","meta":{"footnotes":""},"categories":[14],"tags":[],"class_list":["post-212","post","type-post","status-publish","format-standard","has-post-thumbnail","hentry","category-videos"],"_links":{"self":[{"href":"https:\/\/kinocubecinema.com\/index.php\/wp-json\/wp\/v2\/posts\/212","targetHints":{"allow":["GET"]}}],"collection":[{"href":"https:\/\/kinocubecinema.com\/index.php\/wp-json\/wp\/v2\/posts"}],"about":[{"href":"https:\/\/kinocubecinema.com\/index.php\/wp-json\/wp\/v2\/types\/post"}],"author":[{"embeddable":true,"href":"https:\/\/kinocubecinema.com\/index.php\/wp-json\/wp\/v2\/users\/1"}],"replies":[{"embeddable":true,"href":"https:\/\/kinocubecinema.com\/index.php\/wp-json\/wp\/v2\/comments?post=212"}],"version-history":[{"count":3,"href":"https:\/\/kinocubecinema.com\/index.php\/wp-json\/wp\/v2\/posts\/212\/revisions"}],"predecessor-version":[{"id":1537,"href":"https:\/\/kinocubecinema.com\/index.php\/wp-json\/wp\/v2\/posts\/212\/revisions\/1537"}],"wp:featuredmedia":[{"embeddable":true,"href":"https:\/\/kinocubecinema.com\/index.php\/wp-json\/wp\/v2\/media\/852"}],"wp:attachment":[{"href":"https:\/\/kinocubecinema.com\/index.php\/wp-json\/wp\/v2\/media?parent=212"}],"wp:term":[{"taxonomy":"category","embeddable":true,"href":"https:\/\/kinocubecinema.com\/index.php\/wp-json\/wp\/v2\/categories?post=212"},{"taxonomy":"post_tag","embeddable":true,"href":"https:\/\/kinocubecinema.com\/index.php\/wp-json\/wp\/v2\/tags?post=212"}],"curies":[{"name":"wp","href":"https:\/\/api.w.org\/{rel}","templated":true}]}}