{"id":1917,"date":"2025-05-13T19:49:15","date_gmt":"2025-05-13T17:49:15","guid":{"rendered":"https:\/\/kinocubecinema.com\/?p=1917"},"modified":"2025-05-13T19:58:43","modified_gmt":"2025-05-13T17:58:43","slug":"os-paxaros-do-paraiso","status":"publish","type":"post","link":"https:\/\/kinocubecinema.com\/index.php\/2025\/05\/13\/os-paxaros-do-paraiso\/","title":{"rendered":"Os paxaros do Para\u00edso"},"content":{"rendered":"\t\t<div data-elementor-type=\"wp-post\" data-elementor-id=\"1917\" class=\"elementor elementor-1917\" data-elementor-post-type=\"post\">\n\t\t\t\t<div class=\"elementor-element elementor-element-86ad2d1 e-flex e-con-boxed e-con e-parent\" data-id=\"86ad2d1\" data-element_type=\"container\" data-core-v316-plus=\"true\">\n\t\t\t\t\t<div class=\"e-con-inner\">\n\t\t\t\t<div class=\"elementor-element elementor-element-9c8a20d elementor-widget elementor-widget-text-editor\" data-id=\"9c8a20d\" data-element_type=\"widget\" data-widget_type=\"text-editor.default\">\n\t\t\t\t<div class=\"elementor-widget-container\">\n\t\t\t<style>\/*! elementor - v3.20.0 - 10-04-2024 *\/\n.elementor-widget-text-editor.elementor-drop-cap-view-stacked .elementor-drop-cap{background-color:#69727d;color:#fff}.elementor-widget-text-editor.elementor-drop-cap-view-framed .elementor-drop-cap{color:#69727d;border:3px solid;background-color:transparent}.elementor-widget-text-editor:not(.elementor-drop-cap-view-default) .elementor-drop-cap{margin-top:8px}.elementor-widget-text-editor:not(.elementor-drop-cap-view-default) .elementor-drop-cap-letter{width:1em;height:1em}.elementor-widget-text-editor .elementor-drop-cap{float:left;text-align:center;line-height:1;font-size:50px}.elementor-widget-text-editor .elementor-drop-cap-letter{display:inline-block}<\/style>\t\t\t\t<p><strong>Esta \u00e9 a derradeira entrada da nosa serie de artigos sobre as aves no cinema. Despois de mergullarnos no escuro mundo das <a href=\"https:\/\/kinocubecinema.com\/index.php\/2025\/04\/15\/os-paxaros-de-mal-agoiro\/\">aves de mal agoiro<\/a> e explorar as contradici\u00f3ns do arquetipo do <a href=\"https:\/\/kinocubecinema.com\/index.php\/2025\/04\/01\/os-paxaros-na-gaiola\/\">paxaro engaiolado<\/a>, marchamos \u00e1s localizaci\u00f3ns m\u00e1is ex\u00f3ticas ou luxosas a procurar polos paxaros do para\u00edso.\u00a0<\/strong><\/p>\t\t\t\t\t\t<\/div>\n\t\t\t\t<\/div>\n\t\t\t\t<div class=\"elementor-element elementor-element-347d6a4 elementor-widget elementor-widget-video\" data-id=\"347d6a4\" data-element_type=\"widget\" data-settings=\"{&quot;youtube_url&quot;:&quot;https:\\\/\\\/youtu.be\\\/BY3ZXPFmbmY&quot;,&quot;video_type&quot;:&quot;youtube&quot;,&quot;controls&quot;:&quot;yes&quot;}\" data-widget_type=\"video.default\">\n\t\t\t\t<div class=\"elementor-widget-container\">\n\t\t\t<style>\/*! elementor - v3.20.0 - 10-04-2024 *\/\n.elementor-widget-video .elementor-widget-container{overflow:hidden;transform:translateZ(0)}.elementor-widget-video .elementor-wrapper{aspect-ratio:var(--video-aspect-ratio)}.elementor-widget-video .elementor-wrapper iframe,.elementor-widget-video .elementor-wrapper video{height:100%;width:100%;display:flex;border:none;background-color:#000}@supports not (aspect-ratio:1\/1){.elementor-widget-video .elementor-wrapper{position:relative;overflow:hidden;height:0;padding-bottom:calc(100% \/ var(--video-aspect-ratio))}.elementor-widget-video .elementor-wrapper iframe,.elementor-widget-video .elementor-wrapper video{position:absolute;top:0;right:0;bottom:0;left:0}}.elementor-widget-video .elementor-open-inline .elementor-custom-embed-image-overlay{position:absolute;top:0;right:0;bottom:0;left:0;background-size:cover;background-position:50%}.elementor-widget-video .elementor-custom-embed-image-overlay{cursor:pointer;text-align:center}.elementor-widget-video .elementor-custom-embed-image-overlay:hover .elementor-custom-embed-play i{opacity:1}.elementor-widget-video .elementor-custom-embed-image-overlay img{display:block;width:100%;aspect-ratio:var(--video-aspect-ratio);-o-object-fit:cover;object-fit:cover;-o-object-position:center center;object-position:center center}@supports not (aspect-ratio:1\/1){.elementor-widget-video .elementor-custom-embed-image-overlay{position:relative;overflow:hidden;height:0;padding-bottom:calc(100% \/ var(--video-aspect-ratio))}.elementor-widget-video .elementor-custom-embed-image-overlay img{position:absolute;top:0;right:0;bottom:0;left:0}}.elementor-widget-video .e-hosted-video .elementor-video{-o-object-fit:cover;object-fit:cover}.e-con-inner>.elementor-widget-video,.e-con>.elementor-widget-video{width:var(--container-widget-width);--flex-grow:var(--container-widget-flex-grow)}<\/style>\t\t<div class=\"elementor-wrapper elementor-open-inline\">\n\t\t\t<div class=\"elementor-video\"><\/div>\t\t<\/div>\n\t\t\t\t<\/div>\n\t\t\t\t<\/div>\n\t\t\t\t<div class=\"elementor-element elementor-element-b5c8be6 elementor-widget elementor-widget-text-editor\" data-id=\"b5c8be6\" data-element_type=\"widget\" data-widget_type=\"text-editor.default\">\n\t\t\t\t<div class=\"elementor-widget-container\">\n\t\t\t\t\t\t\t<p>Ao parecer, Cristobal Col\u00f3n retornou en 1493 das &#8220;Am\u00e9ricas&#8221; \u2013daquela a\u00ednda pensaba que vi\u00f1a das Indias Occidentais\u2013, &#8220;acabadas de descubrir&#8221; \u2013sabemos que para a xente que viv\u00eda al\u00ed non era precisamente unha novidade\u2013 cun agasallo para a ra\u00ed\u00f1a de Castela, Isabel: dous papagaios cubanos, <em><a href=\"https:\/\/en.wikipedia.org\/wiki\/Cuban_amazon\">amazona leucocephala<\/a>.\u00a0<\/em>Non eran os primeiros papagaios que se v\u00edan en Europa, pois xa se co\u00f1ec\u00edan especies provintes de Asia dende os tempos de Alexandre Magno, mais si que foi un punto de partida a partir do cal se puxo de moda o comercio de aves ex\u00f3ticas cara a vella Europa.<\/p><p>O asunto v\u00e9n de antigo. A posesi\u00f3n de paxaros ex\u00f3ticos, coloridos, salvaxes, grandes, elegantes, delicadas, etc. estivo relacionado co luxo dende os tempos do Imperio Romano de Occidente, cuxa expansi\u00f3n polos territorios africanos e asi\u00e1ticos promoveu o posu\u00edr paxaros daquelas provincias como s\u00edmbolo de est\u00e1tus. A\u00ednda m\u00e1is antiga \u00e9 a tradici\u00f3n de relacionar certas especies de belas aves \u2013como a garza na cultura chinesa ou o <a href=\"https:\/\/gl.wikipedia.org\/wiki\/Ibis\">ibis<\/a> na cultura exipcia\u2013 coa divindade, a espiritualidade, a relixi\u00f3n ou a mitolox\u00eda.<\/p><p>No Renacemento europeo, que coincide precisamente co inicio da colonizaci\u00f3n do Novo Mundo, recup\u00e9ranse as est\u00e9ticas e os valores \u2013m\u00e1is ben a idealizaci\u00f3n deses valores\u2013 da antig\u00fcidade cl\u00e1sica occidental. \u00c9 nese momento cando a deusa <a href=\"https:\/\/gl.wikipedia.org\/wiki\/Hera\">Hera-Xuno<\/a> se vencella co s\u00edmbolo do <a href=\"https:\/\/gl.wikipedia.org\/wiki\/Pav%C3%B3n\">pav\u00f3n<\/a>, que non era unha especie moi co\u00f1ecida entre os helenos da \u00e9poca cl\u00e1sica, polo menos at\u00e9 as viaxes do mencionado Alexandre Magno.\u00a0<\/p><p>A partir da expansi\u00f3n do colonialismo moderno, tal e como o co\u00f1ecemos, o comercio de produtos ex\u00f3ticos tivo o seu maior auxe: teas, metais e xemas, tinturas, materiais como madeiras e marf\u00eds, froita, especias&#8230; e, por suposto, flora e fauna, entre a que atopamos primates e aves. De a\u00ed v\u00e9n, en parte, que imaxinemos aos filibusteiros das Antillas cun mono ou un papagaio ao ombreiro. Mais, na realidade, non s\u00f3 os piratas transportaban aves ex\u00f3ticas nos seus barcos. Era un ben moi com\u00fan porque era relativamente f\u00e1cil de conseguir \u2013se eras quen de cazalo\u2013, de baixo mantemento a bordo, f\u00e1cil de adestrar e calquera pod\u00eda sacar un soldo extra ao vendelos de volta no Vello Mundo.\u00a0<\/p>\t\t\t\t\t\t<\/div>\n\t\t\t\t<\/div>\n\t\t\t\t<div class=\"elementor-element elementor-element-3293bff elementor-widget elementor-widget-image\" data-id=\"3293bff\" data-element_type=\"widget\" data-widget_type=\"image.default\">\n\t\t\t\t<div class=\"elementor-widget-container\">\n\t\t\t<style>\/*! elementor - v3.20.0 - 10-04-2024 *\/\n.elementor-widget-image{text-align:center}.elementor-widget-image a{display:inline-block}.elementor-widget-image a img[src$=\".svg\"]{width:48px}.elementor-widget-image img{vertical-align:middle;display:inline-block}<\/style>\t\t\t\t\t\t\t<figure class=\"wp-caption\">\n\t\t\t\t\t\t\t\t\t\t<img fetchpriority=\"high\" decoding=\"async\" width=\"800\" height=\"583\" src=\"https:\/\/kinocubecinema.com\/wp-content\/uploads\/2025\/05\/vlcsnap-2025-05-08-20h38m41s224-1024x746.webp\" class=\"attachment-large size-large wp-image-1976\" alt=\"Fotograma de Ziegfeld Follies (Lemuel Ayers, Roy Del Ruth, Robert Lewis, 1945) que mostra a dous paxaros ex\u00f3ticos nun paraxe falso de xungla.\" srcset=\"https:\/\/kinocubecinema.com\/wp-content\/uploads\/2025\/05\/vlcsnap-2025-05-08-20h38m41s224-1024x746.webp 1024w, https:\/\/kinocubecinema.com\/wp-content\/uploads\/2025\/05\/vlcsnap-2025-05-08-20h38m41s224-300x218.webp 300w, https:\/\/kinocubecinema.com\/wp-content\/uploads\/2025\/05\/vlcsnap-2025-05-08-20h38m41s224-768x559.webp 768w, https:\/\/kinocubecinema.com\/wp-content\/uploads\/2025\/05\/vlcsnap-2025-05-08-20h38m41s224.webp 1472w\" sizes=\"(max-width: 800px) 100vw, 800px\" \/>\t\t\t\t\t\t\t\t\t\t\t<figcaption class=\"widget-image-caption wp-caption-text\">Fotograma de Ziegfeld Follies (Lemuel Ayers, Roy Del Ruth, Robert Lewis, 1945)<\/figcaption>\n\t\t\t\t\t\t\t\t\t\t<\/figure>\n\t\t\t\t\t\t\t<\/div>\n\t\t\t\t<\/div>\n\t\t\t\t<div class=\"elementor-element elementor-element-3721239 elementor-widget elementor-widget-text-editor\" data-id=\"3721239\" data-element_type=\"widget\" data-widget_type=\"text-editor.default\">\n\t\t\t\t<div class=\"elementor-widget-container\">\n\t\t\t\t\t\t\t<p>Coa chegada de Napole\u00f3n a Exipto a principios do s\u00e9culo XIX, p\u00f3nse de moda o Oriente Pr\u00f3ximo, influindo na cultura europea, nas artes e nos estilos de vida. As recompilaci\u00f3ns e edici\u00f3ns das historias d&#8217;<a href=\"https:\/\/gl.wikipedia.org\/wiki\/As_mil_e_unha_noites\"><em>As mil e unha noites<\/em><\/a> son un exemplo desta tendencia. O <a href=\"https:\/\/gl.wikipedia.org\/wiki\/Orientalismo\">Orientalismo<\/a>, que tivo a s\u00faa continuidade dentro do romanticismo, era soamente unha de moitas correntes que se v\u00eda atra\u00edda polo ex\u00f3tico, polo alleo, polo diferente. Hoxe, por\u00e9n, criticamos a hipocris\u00eda de quen exerce o poder sobre os territorios, mud\u00e1ndoos ao seu antollo, sumindo na miseria \u00e1 poboaci\u00f3n e impo\u00f1endo os seus valores namentres eloxia e<a href=\"https:\/\/es.wikipedia.org\/wiki\/Apropiaci%C3%B3n_cultural\"> se apropia dos seus atributos culturais<\/a>, expolia o seu patrimonio para expo\u00f1elo nas metr\u00f3poles e obxectifica as persoas provintes desas culturas e territorios, namentres lles nega os seus dereitos fundamentais.<\/p><p>Cando chega o cinema a finais do s\u00e9culo XIX, as correntes art\u00edsticas ligadas ao exotismo seguen en auxe. Os contos d&#8217;<em>As mil e unha noites<\/em> son adaptados nas primeiras pel\u00edculas da historia, sobre todo as aventuras do mari\u00f1o Sinbad.<em><a href=\"https:\/\/en.wikipedia.org\/wiki\/The_Thief_of_Bagdad_(1924_film)\"> The thief of Bagdad (Raoul Walsh, 1924)<\/a>\u00a0<\/em>ou\u00a0<em><a href=\"https:\/\/en.wikipedia.org\/wiki\/The_Sheik_(film)\">The Sheik (George Melford, 1921)<\/a>,\u00a0<\/em>por exemplo, engaiolaron ao p\u00fablico nos anos 20 do pasado s\u00e9culo coas s\u00faas aventuras fant\u00e1sticas, os seus romances ex\u00f3ticos e o seu luxo oriental. Curiosamente, o nacemento do cinemat\u00f3grafo coincide tam\u00e9n coa colonizaci\u00f3n de Hawai&#8217;i por parte dos EUA; os habitantes das illas do Pac\u00edfico tam\u00e9n foron v\u00edtimas da idealizaci\u00f3n, da obxectificaci\u00f3n e da apropiaci\u00f3n cultural por parte de Occidente, sobre todo durante a <a href=\"https:\/\/es.wikipedia.org\/wiki\/Guerra_del_Pac%C3%ADfico_(1937-1945)\">Guerra do Pac\u00edfico<\/a>. Nos tempos de Roosevelt \u2013entre os anos 30 e 40\u2013, Am\u00e9rica do Sur tam\u00e9n foi obxecto de interese para Hollywood, baixo a<a href=\"https:\/\/en.wikipedia.org\/wiki\/Good_Neighbor_policy\"> pol\u00edtica do &#8220;bo veci\u00f1o&#8221;<\/a>, tratando de deixar atr\u00e1s os estereotipos dani\u00f1os das persoas latinas \u2013sen conseguilo, que lle pregunten a <a href=\"https:\/\/pt.wikipedia.org\/wiki\/Carmen_Miranda\">Carmen Miranda<\/a>\u2013.<\/p><p>Mais non estabamos a falar de paxaros? Os pav\u00f3ns da India, os Papagaios de Am\u00e9rica do Sur e os paradiseidos do Pac\u00edfico \u2013as orixinais &#8220;aves do para\u00edso&#8221;\u2013 son utilizados dende as primeiras obras cinematogr\u00e1ficas como elementos visuais exquisitos que poden denotar exotismo, luxo, hedonismo ou delicadeza: dende as aves que acompa\u00f1an \u00e1s mozas ricas e despreocupadas das clases altas de <a href=\"https:\/\/en.wikipedia.org\/wiki\/Metropolis_(1927_film)\"><em>Metr\u00f3polis<\/em> (Fritz Lang, 1927)<\/a> at\u00e9 a <a href=\"https:\/\/youtu.be\/9N99SstPmNA?si=f0CbWdv1K06v8KN-\">inesperada cacat\u00faa de Charles Foster Kane<\/a>.\u00a0<\/p><p>Mais hai unha terceira li\u00f1a transversal que atravesa o arquetipo da ave do para\u00edso, un nesgo moi interesante: o do x\u00e9nero. As mulleres racializadas foron v\u00edtimas da hipersexualizaci\u00f3n por parte das estruturas patriarcais, entre as que podemos incluir o\u00a0<em>star system\u00a0<\/em>de Hollywood e todo o seu aparato medi\u00e1tico. Historias como a do mot\u00edn da Bounty (adaptado ao cinema en m\u00e1is dunha ocasi\u00f3n) utilizan a figura dunha muller nova e &#8220;ex\u00f3tica&#8221;, neste caso habitante dunha illa do sur do Pac\u00edfico, como un obxecto de desexo d\u00f3cil e servil, mais tam\u00e9n misterioso e diferente, para o desfrute do heroe. As aves ex\u00f3ticas, ou no seu defecto as plumaxes coloridas utilizadas como vestiario, acompa\u00f1an a este arquetipo denotando ao mesmo tempo exotismo e inocencia, vencellando <a href=\"https:\/\/es.wikipedia.org\/wiki\/Buen_salvaje\">o mito do &#8220;bo salvaxe&#8221;<\/a> \u2013\u00e9 dicir, o estereotipo do ind\u00edxena primitivo e inocente\u2013 coas f\u00e1bulas europeas que relacionan a pureza, a virxindade e a inocencia feminina con animais mitol\u00f3xicos ou aves \u2013a versi\u00f3n dos irm\u00e1ns Grimm do conto de <a href=\"https:\/\/es.wikipedia.org\/wiki\/La_Cenicienta#Aschenputtel,_de_los_hermanos_Grimm\">Cincenta<\/a>, por exemplo\u2013.<\/p><p>En conclusi\u00f3n, detr\u00e1s dalg\u00fans motivos visuais poden albiscarse realidades socioculturais moi complexas; na pantalla, a trav\u00e9s dun paxaro de vivas cores, t\u00e9cense os f\u00edos do colonialismo, da complexa xeopol\u00edtica do s\u00e9culo XX, da obxectificaci\u00f3n&#8230; e tam\u00e9n da procura da beleza, da curiosidade cara o diferente e da expresi\u00f3n narrativa. Unha cousa non quita a outra.<\/p>\t\t\t\t\t\t<\/div>\n\t\t\t\t<\/div>\n\t\t\t\t\t<\/div>\n\t\t\t\t<\/div>\n\t\t\t\t<\/div>\n\t\t","protected":false},"excerpt":{"rendered":"<p>Esta \u00e9 a derradeira entrada da nosa serie de artigos sobre as aves no cinema. Despois de mergullarnos no escuro mundo das aves de mal agoiro e explorar as contradici\u00f3ns do arquetipo do paxaro engaiolado, marchamos \u00e1s localizaci\u00f3ns m\u00e1is ex\u00f3ticas ou luxosas a procurar polos paxaros do para\u00edso.\u00a0 https:\/\/youtu.be\/BY3ZXPFmbmY Ao parecer, Cristobal Col\u00f3n retornou en [&hellip;]<\/p>\n","protected":false},"author":1,"featured_media":1981,"comment_status":"open","ping_status":"open","sticky":false,"template":"","format":"standard","meta":{"footnotes":""},"categories":[16,1],"tags":[311,312,8,219,313,314],"class_list":["post-1917","post","type-post","status-publish","format-standard","has-post-thumbnail","hentry","category-episodios","category-uncategorised","tag-animais","tag-aves","tag-cinema","tag-natureza","tag-paxaros","tag-voar"],"_links":{"self":[{"href":"https:\/\/kinocubecinema.com\/index.php\/wp-json\/wp\/v2\/posts\/1917","targetHints":{"allow":["GET"]}}],"collection":[{"href":"https:\/\/kinocubecinema.com\/index.php\/wp-json\/wp\/v2\/posts"}],"about":[{"href":"https:\/\/kinocubecinema.com\/index.php\/wp-json\/wp\/v2\/types\/post"}],"author":[{"embeddable":true,"href":"https:\/\/kinocubecinema.com\/index.php\/wp-json\/wp\/v2\/users\/1"}],"replies":[{"embeddable":true,"href":"https:\/\/kinocubecinema.com\/index.php\/wp-json\/wp\/v2\/comments?post=1917"}],"version-history":[{"count":55,"href":"https:\/\/kinocubecinema.com\/index.php\/wp-json\/wp\/v2\/posts\/1917\/revisions"}],"predecessor-version":[{"id":2023,"href":"https:\/\/kinocubecinema.com\/index.php\/wp-json\/wp\/v2\/posts\/1917\/revisions\/2023"}],"wp:featuredmedia":[{"embeddable":true,"href":"https:\/\/kinocubecinema.com\/index.php\/wp-json\/wp\/v2\/media\/1981"}],"wp:attachment":[{"href":"https:\/\/kinocubecinema.com\/index.php\/wp-json\/wp\/v2\/media?parent=1917"}],"wp:term":[{"taxonomy":"category","embeddable":true,"href":"https:\/\/kinocubecinema.com\/index.php\/wp-json\/wp\/v2\/categories?post=1917"},{"taxonomy":"post_tag","embeddable":true,"href":"https:\/\/kinocubecinema.com\/index.php\/wp-json\/wp\/v2\/tags?post=1917"}],"curies":[{"name":"wp","href":"https:\/\/api.w.org\/{rel}","templated":true}]}}