{"id":1565,"date":"2024-10-01T18:09:00","date_gmt":"2024-10-01T16:09:00","guid":{"rendered":"https:\/\/kinocubecinema.com\/?p=1565"},"modified":"2024-09-16T13:11:35","modified_gmt":"2024-09-16T11:11:35","slug":"fraxil-como-o-vidro","status":"publish","type":"post","link":"https:\/\/kinocubecinema.com\/index.php\/2024\/10\/01\/fraxil-como-o-vidro\/","title":{"rendered":"Fr\u00e1xil como o vidro"},"content":{"rendered":"\t\t<div data-elementor-type=\"wp-post\" data-elementor-id=\"1565\" class=\"elementor elementor-1565\" data-elementor-post-type=\"post\">\n\t\t\t\t<div class=\"elementor-element elementor-element-afe473f e-flex e-con-boxed e-con e-parent\" data-id=\"afe473f\" data-element_type=\"container\" data-core-v316-plus=\"true\">\n\t\t\t\t\t<div class=\"e-con-inner\">\n\t\t\t\t<div class=\"elementor-element elementor-element-b6058ad elementor-widget elementor-widget-text-editor\" data-id=\"b6058ad\" data-element_type=\"widget\" data-widget_type=\"text-editor.default\">\n\t\t\t\t<div class=\"elementor-widget-container\">\n\t\t\t<style>\/*! elementor - v3.20.0 - 10-04-2024 *\/\n.elementor-widget-text-editor.elementor-drop-cap-view-stacked .elementor-drop-cap{background-color:#69727d;color:#fff}.elementor-widget-text-editor.elementor-drop-cap-view-framed .elementor-drop-cap{color:#69727d;border:3px solid;background-color:transparent}.elementor-widget-text-editor:not(.elementor-drop-cap-view-default) .elementor-drop-cap{margin-top:8px}.elementor-widget-text-editor:not(.elementor-drop-cap-view-default) .elementor-drop-cap-letter{width:1em;height:1em}.elementor-widget-text-editor .elementor-drop-cap{float:left;text-align:center;line-height:1;font-size:50px}.elementor-widget-text-editor .elementor-drop-cap-letter{display:inline-block}<\/style>\t\t\t\t<p><strong>Un aspecto que non vexo comentado habitualmente cando se fala de cinema \u00e9 o da textura. Par\u00e9ceme impresionante que un medio que se define de maneira expl\u00edcita por dous dos nosos sentidos \u2013a vista e o ouvido\u2013 sexa capaz de apelar dun modo tan eficaz a un sentido que, teoricamente, non lle \u00e9 posible emular: o tacto.\u00a0<\/strong><\/p><p><b><span style=\"color: var( --e-global-color-text ); font-family: var( --e-global-typography-text-font-family ), Sans-serif; text-align: var(--text-align); background-color: var( --e-global-color-secondary ); font-size: 1rem;\">Os filmes te\u00f1en\u00a0<\/span><em style=\"color: var( --e-global-color-text ); font-family: var( --e-global-typography-text-font-family ), Sans-serif; text-align: var(--text-align); background-color: var( --e-global-color-secondary ); font-size: 1rem;\">texturas.\u00a0<\/em><span style=\"color: var( --e-global-color-text ); font-family: var( --e-global-typography-text-font-family ), Sans-serif; text-align: var(--text-align); background-color: var( --e-global-color-secondary ); font-size: 1rem;\">Hai filmes bastos, feitos de terra e madeira; hainos delicados e ef\u00e9meros como a luz que se filtra entre as follas das \u00e1rbores; e hainos fr\u00e1xiles como o vidro.\u00a0<\/span><\/b><\/p>\t\t\t\t\t\t<\/div>\n\t\t\t\t<\/div>\n\t\t\t\t<div class=\"elementor-element elementor-element-ac556c5 elementor-widget elementor-widget-video\" data-id=\"ac556c5\" data-element_type=\"widget\" data-settings=\"{&quot;youtube_url&quot;:&quot;https:\\\/\\\/youtu.be\\\/V_Ru2UF6SOs&quot;,&quot;video_type&quot;:&quot;youtube&quot;,&quot;controls&quot;:&quot;yes&quot;}\" data-widget_type=\"video.default\">\n\t\t\t\t<div class=\"elementor-widget-container\">\n\t\t\t<style>\/*! elementor - v3.20.0 - 10-04-2024 *\/\n.elementor-widget-video .elementor-widget-container{overflow:hidden;transform:translateZ(0)}.elementor-widget-video .elementor-wrapper{aspect-ratio:var(--video-aspect-ratio)}.elementor-widget-video .elementor-wrapper iframe,.elementor-widget-video .elementor-wrapper video{height:100%;width:100%;display:flex;border:none;background-color:#000}@supports not (aspect-ratio:1\/1){.elementor-widget-video .elementor-wrapper{position:relative;overflow:hidden;height:0;padding-bottom:calc(100% \/ var(--video-aspect-ratio))}.elementor-widget-video .elementor-wrapper iframe,.elementor-widget-video .elementor-wrapper video{position:absolute;top:0;right:0;bottom:0;left:0}}.elementor-widget-video .elementor-open-inline .elementor-custom-embed-image-overlay{position:absolute;top:0;right:0;bottom:0;left:0;background-size:cover;background-position:50%}.elementor-widget-video .elementor-custom-embed-image-overlay{cursor:pointer;text-align:center}.elementor-widget-video .elementor-custom-embed-image-overlay:hover .elementor-custom-embed-play i{opacity:1}.elementor-widget-video .elementor-custom-embed-image-overlay img{display:block;width:100%;aspect-ratio:var(--video-aspect-ratio);-o-object-fit:cover;object-fit:cover;-o-object-position:center center;object-position:center center}@supports not (aspect-ratio:1\/1){.elementor-widget-video .elementor-custom-embed-image-overlay{position:relative;overflow:hidden;height:0;padding-bottom:calc(100% \/ var(--video-aspect-ratio))}.elementor-widget-video .elementor-custom-embed-image-overlay img{position:absolute;top:0;right:0;bottom:0;left:0}}.elementor-widget-video .e-hosted-video .elementor-video{-o-object-fit:cover;object-fit:cover}.e-con-inner>.elementor-widget-video,.e-con>.elementor-widget-video{width:var(--container-widget-width);--flex-grow:var(--container-widget-flex-grow)}<\/style>\t\t<div class=\"elementor-wrapper elementor-open-inline\">\n\t\t\t<div class=\"elementor-video\"><\/div>\t\t<\/div>\n\t\t\t\t<\/div>\n\t\t\t\t<\/div>\n\t\t\t\t<div class=\"elementor-element elementor-element-735bc9b elementor-widget elementor-widget-text-editor\" data-id=\"735bc9b\" data-element_type=\"widget\" data-widget_type=\"text-editor.default\">\n\t\t\t\t<div class=\"elementor-widget-container\">\n\t\t\t\t\t\t\t<p>O vidro \u00e9 un material moi especial. Leva con n\u00f3s milleiros de anos, xurdido cecais do interese en imitar as cualidades do <a href=\"https:\/\/gl.wikipedia.org\/wiki\/Cristal_de_rocha\">cristal de roca<\/a>. Foi utilizado polas primeiras grandes civilizaci\u00f3ns asi\u00e1ticas e africanas e non tardou en ga\u00f1ar as connotaci\u00f3ns de elegancia, delicadeza e sofisticaci\u00f3n que a\u00ednda hoxe resoan, e que comparte con outros materiais como a cer\u00e1mica.<\/p><p>Por suposto, a causa destas connotaci\u00f3ns \u00e9 que as dificultades do proceso de elaboraci\u00f3n o converteron nun material caro ao que s\u00f3 as clases altas pod\u00edan acceder. Na actualidade, a mecanizaci\u00f3n e as melloras no proceso de fabricaci\u00f3n permiten que o vidro sexa un ben moito m\u00e1is accesible e popular, mais isto \u00e9 un fen\u00f3meno relativamente recente. As fiestras de vidro, por exemplo, non foron de uso com\u00fan at\u00e9 o s\u00e9culo XVII, reserv\u00e1ndose para usos como o das vidrieiras de cor das catedrais. A\u00ednda as\u00ed, podemos ver a\u00ednda hoxe casas de pedra nas nosas aldeas que datan de moito m\u00e1is adiante cuxas xanelas son simples aberturas no muro. O uso decorativo do vidro e o seu uso na louza dom\u00e9stica a\u00ednda tardou m\u00e1is en volverse com\u00fan, pois o proceso artesanal da s\u00faa fabricaci\u00f3n \u00e9 moito m\u00e1is complexo e art\u00edstico. Por iso, at\u00e9 fai pouco a vaixela de vidro s\u00f3 se pod\u00eda atopar nas casas dos estamentos e clases m\u00e1is altas da sociedade.\u00a0<\/p><p>Relacionado con isto, houbo unha especie de\u00a0<a href=\"https:\/\/en.wikipedia.org\/wiki\/Glass_delusion\"><em>histeria colectiva\u00a0<\/em>na Europa do s\u00e9culo XV ao XVII chamada &#8220;o delirio de vidro&#8221;<\/a>, no que algunhas persoas \u2013entre elas o rei Carlos VI de Francia\u2013 afirmaban estar feitos de vidro e que calquera cousa os pod\u00eda crebar en mil anacos. Pod\u00eda tratarse dunha maneira de manifestar o que hoxe podemos relacionar coa depresi\u00f3n e a hipocondr\u00eda, polo que a persoa convalecente se vencellaba ao concepto de fraxilidade e sensibilidade que a xustificaba como obxecto de coidados e trato delicado.\u00a0<\/p><p>O vidro \u00e9, polo tanto, unha textura moi interesante para engadir capas de significado ao cinema. De primeiras, atopamos louza de vidro como sin\u00f3nimo de fortuna e clase, de elegancia e sofisticaci\u00f3n, mais tam\u00e9n serve para caracterizar \u00e1s personaxes que o utilizan como delicados e sut\u00eds. Esta noci\u00f3n \u00e9 herdeira <a href=\"https:\/\/kinocubecinema.com\/index.php\/2022\/04\/26\/era-unha-vez\/\">dos contos infant\u00eds<\/a> populares europeos, que datan da \u00e9poca que xa mencionamos, na que o vidro era un material moi exclusivo ao que incluso se lle atribu\u00edan propiedades m\u00e1xicas e alqu\u00edmicas. Desta maneira, \u00e9 habitual atopar nas adaptaci\u00f3ns cinematogr\u00e1ficas de tales contos obxectos de vidro con caracter\u00edsticas m\u00e1xicas ou como significantes da fraxilidade das s\u00faas hero\u00ednas: o ata\u00fade de vidro de Brancaneves, <a href=\"https:\/\/kinocubecinema.com\/index.php\/2023\/03\/28\/unha-rosa-e-unha-rosa\/\">a rosa gardada<\/a> nunha c\u00fapula de vidro no conto da Bela e a Besta ou o zapati\u00f1o de vidro de Cincenta. Neste \u00faltimo caso \u00e9 curioso o como se contrap\u00f3n o refinamento da protagonista e os seus zapati\u00f1os con respecto \u00e1 rudeza das s\u00faas irm\u00e1s \u2013que, no conto orixinal, son condenadas a vestir zapatos de ferro quentados ao vermello vivo\u2013.\u00a0<\/p><p>O vidro pode escachar e, cando o fai, \u00e9 con grande estrondo. O ru\u00eddo \u00e9 molesto e alarmante, os anacos saen despedidos con grande forza e cortan a pel con facilidade. \u00c9 unha imaxe \u2013e un son\u2013 moi evocador que pode funcionar como met\u00e1fora de moitas maneiras diferentes: para suxerir a creba da vontade dunha personaxe, a perda da s\u00faa inocencia, o detonante dun ataque de ira ou desesperaci\u00f3n, a s\u00faa liberaci\u00f3n ou a s\u00faa morte&#8230; ou pode servir, simplemente, como un elemento que aporte gravidade ou crudeza a unha escena de acci\u00f3n. As xanelas son v\u00edtimas habituais deste caso, a\u00ednda que est\u00e1 demostrado que, na realidade,<a href=\"https:\/\/tvtropes.org\/pmwiki\/pmwiki.php\/Main\/SoftGlass\"> son bastante m\u00e1is duras que no cinema<\/a>.\u00a0<\/p><p>Outro fen\u00f3meno interesante ao que a t\u00e9cnica cinematogr\u00e1fica tirou partido \u00e9 o fen\u00f3meno da <a href=\"https:\/\/kinocubecinema.com\/index.php\/2022\/07\/19\/vai-un-sol-de-carallo\/\">refracci\u00f3n da luz<\/a>, que deforma a imaxe resultante \u2013e, en ocasi\u00f3ns, a invirte\u2013 aportando unha estilizaci\u00f3n moi interesante que pode reflectir moitas cousas a nivel narrativo como a tensi\u00f3n, a enso\u00f1aci\u00f3n ou a loucura. En realidade, este fen\u00f3meno est\u00e1 presente na mesma base da t\u00e9cnica fotogr\u00e1fica, pois as <a href=\"https:\/\/gl.wikipedia.org\/wiki\/Lente_(%C3%B3ptica)\">lentes utilizadas nas c\u00e1maras<\/a> dende o comezo da s\u00faa historia, que fan converxer a luz para captar a imaxe dunha determinada maneira, est\u00e1n feitas de vidro e aproveitan a transparencia deste material e a s\u00faa capacidade para refractar a luz.<\/p><p>Sen vidro non teriamos teleobxectivos, nin grandes angulares, nin <em><a href=\"https:\/\/gl.wikipedia.org\/wiki\/Profundidade_de_campo\">profundidade de campo<\/a>.\u00a0<\/em>E tampouco cinema, para ser xustos.<\/p><p>\u00a0<\/p><p>\u00a0<\/p><p>\u00a0<\/p>\t\t\t\t\t\t<\/div>\n\t\t\t\t<\/div>\n\t\t\t\t\t<\/div>\n\t\t\t\t<\/div>\n\t\t\t\t<\/div>\n\t\t","protected":false},"excerpt":{"rendered":"<p>Un aspecto que non vexo comentado habitualmente cando se fala de cinema \u00e9 o da textura. Par\u00e9ceme impresionante que un medio que se define de maneira expl\u00edcita por dous dos nosos sentidos \u2013a vista e o ouvido\u2013 sexa capaz de apelar dun modo tan eficaz a un sentido que, teoricamente, non lle \u00e9 posible emular: [&hellip;]<\/p>\n","protected":false},"author":1,"featured_media":1618,"comment_status":"open","ping_status":"open","sticky":false,"template":"","format":"standard","meta":{"footnotes":""},"categories":[16],"tags":[8,259,130,270,213,269,260],"class_list":["post-1565","post","type-post","status-publish","format-standard","has-post-thumbnail","hentry","category-episodios","tag-cinema","tag-fraxilidade","tag-historia","tag-metafora","tag-obxectos","tag-refraccion","tag-vidro"],"_links":{"self":[{"href":"https:\/\/kinocubecinema.com\/index.php\/wp-json\/wp\/v2\/posts\/1565","targetHints":{"allow":["GET"]}}],"collection":[{"href":"https:\/\/kinocubecinema.com\/index.php\/wp-json\/wp\/v2\/posts"}],"about":[{"href":"https:\/\/kinocubecinema.com\/index.php\/wp-json\/wp\/v2\/types\/post"}],"author":[{"embeddable":true,"href":"https:\/\/kinocubecinema.com\/index.php\/wp-json\/wp\/v2\/users\/1"}],"replies":[{"embeddable":true,"href":"https:\/\/kinocubecinema.com\/index.php\/wp-json\/wp\/v2\/comments?post=1565"}],"version-history":[{"count":17,"href":"https:\/\/kinocubecinema.com\/index.php\/wp-json\/wp\/v2\/posts\/1565\/revisions"}],"predecessor-version":[{"id":1622,"href":"https:\/\/kinocubecinema.com\/index.php\/wp-json\/wp\/v2\/posts\/1565\/revisions\/1622"}],"wp:featuredmedia":[{"embeddable":true,"href":"https:\/\/kinocubecinema.com\/index.php\/wp-json\/wp\/v2\/media\/1618"}],"wp:attachment":[{"href":"https:\/\/kinocubecinema.com\/index.php\/wp-json\/wp\/v2\/media?parent=1565"}],"wp:term":[{"taxonomy":"category","embeddable":true,"href":"https:\/\/kinocubecinema.com\/index.php\/wp-json\/wp\/v2\/categories?post=1565"},{"taxonomy":"post_tag","embeddable":true,"href":"https:\/\/kinocubecinema.com\/index.php\/wp-json\/wp\/v2\/tags?post=1565"}],"curies":[{"name":"wp","href":"https:\/\/api.w.org\/{rel}","templated":true}]}}