{"id":1535,"date":"2024-07-04T15:10:18","date_gmt":"2024-07-04T13:10:18","guid":{"rendered":"https:\/\/kinocubecinema.com\/?p=1535"},"modified":"2024-07-04T15:10:19","modified_gmt":"2024-07-04T13:10:19","slug":"o-medo-e-un-corte-profundo-os-arquetipos-do-slasher","status":"publish","type":"post","link":"https:\/\/kinocubecinema.com\/index.php\/2024\/07\/04\/o-medo-e-un-corte-profundo-os-arquetipos-do-slasher\/","title":{"rendered":"O medo \u00e9 un corte profundo: Os arquetipos do Slasher"},"content":{"rendered":"\n<p><strong>Para finalizar esta temporada, queremos partillar con v\u00f3s o \u00faltimo v\u00eddeo da nosa canle, feito en colaboraci\u00f3n, <a href=\"https:\/\/kinocubecinema.com\/index.php\/2023\/07\/14\/un-coitelo-sobre-veludo-amarelo-os-arquetipos-do-giallo\/\" data-type=\"post\" data-id=\"212\">unha vez m\u00e1is<\/a>, coa xente do podcast <a href=\"https:\/\/maldeolho.agora.gal\/\" data-type=\"link\" data-id=\"https:\/\/maldeolho.agora.gal\/\">Mal de Olho<\/a>. Desta vez, Sara, \u00c2ngelo e Miguel acudiron \u00e1 chamada de Kinocube Cinema para falar dun subx\u00e9nero do terror m\u00edtico: o Slasher. <\/strong><\/p>\n\n\n\n<figure class=\"wp-block-embed is-type-video is-provider-youtube wp-block-embed-youtube wp-embed-aspect-16-9 wp-has-aspect-ratio\"><div class=\"wp-block-embed__wrapper\">\n<iframe title=\"O medo \u00e9 un corte profundo | Os arquetipos do Slasher\" width=\"800\" height=\"450\" src=\"https:\/\/www.youtube.com\/embed\/p9GTby9qALE?start=2&#038;feature=oembed\" frameborder=\"0\" allow=\"accelerometer; autoplay; clipboard-write; encrypted-media; gyroscope; picture-in-picture; web-share\" referrerpolicy=\"strict-origin-when-cross-origin\" allowfullscreen><\/iframe>\n<\/div><\/figure>\n\n\n\n<p>O v\u00eddeo foi estreado o pasado 23 de xu\u00f1o, noite do Lume Novo, como guinda para pechar esta \u00faltima temporada de Kinocube Cinema. E non s\u00f3 iso! A colaboraci\u00f3n con Mal de Olho estendeuse at\u00e9 o seu territorio, o do podcast, nun episodio no que fun convidada para falar dun filme de terror \u00fanico na s\u00faa produci\u00f3n, factura, contido e forma: <a href=\"https:\/\/www.imdb.com\/title\/tt0076162\/\">\u30cf\u30a6\u30b9 (<em>Hausu<\/em>, Nobuhiko \u014cbayashi, 1977)<\/a>.<\/p>\n\n\n\n<p>Non deixes de visitar e escoitar a <a href=\"https:\/\/maldeolho.agora.gal\/\">Mal de Olho<\/a>. Feliz ver\u00e1n!<\/p>\n\n\n\n<iframe style=\"border-radius:12px\" src=\"https:\/\/open.spotify.com\/embed\/episode\/35l1BaFEiHP66i8ZNlYg3G?utm_source=generator&#038;theme=0\" width=\"100%\" height=\"352\" frameBorder=\"0\" allowfullscreen=\"\" allow=\"autoplay; clipboard-write; encrypted-media; fullscreen; picture-in-picture\" loading=\"lazy\"><\/iframe>\n\n\n\n<p><\/p>\n","protected":false},"excerpt":{"rendered":"<p>Para finalizar esta temporada, queremos partillar con v\u00f3s o \u00faltimo v\u00eddeo da nosa canle, feito en colaboraci\u00f3n, unha vez m\u00e1is, coa xente do podcast Mal de Olho. Desta vez, Sara, \u00c2ngelo e Miguel acudiron \u00e1 chamada de Kinocube Cinema para falar dun subx\u00e9nero do terror m\u00edtico: o Slasher. O v\u00eddeo foi estreado o pasado 23 [&hellip;]<\/p>\n","protected":false},"author":1,"featured_media":1538,"comment_status":"open","ping_status":"open","sticky":false,"template":"","format":"standard","meta":{"footnotes":""},"categories":[14],"tags":[8,41,123,237,257,42,218,256,258,255],"class_list":["post-1535","post","type-post","status-publish","format-standard","has-post-thumbnail","hentry","category-videos","tag-cinema","tag-medo","tag-personaxes","tag-politica","tag-slasher","tag-terror","tag-tramas","tag-video","tag-xeneros","tag-youtube"],"_links":{"self":[{"href":"https:\/\/kinocubecinema.com\/index.php\/wp-json\/wp\/v2\/posts\/1535","targetHints":{"allow":["GET"]}}],"collection":[{"href":"https:\/\/kinocubecinema.com\/index.php\/wp-json\/wp\/v2\/posts"}],"about":[{"href":"https:\/\/kinocubecinema.com\/index.php\/wp-json\/wp\/v2\/types\/post"}],"author":[{"embeddable":true,"href":"https:\/\/kinocubecinema.com\/index.php\/wp-json\/wp\/v2\/users\/1"}],"replies":[{"embeddable":true,"href":"https:\/\/kinocubecinema.com\/index.php\/wp-json\/wp\/v2\/comments?post=1535"}],"version-history":[{"count":2,"href":"https:\/\/kinocubecinema.com\/index.php\/wp-json\/wp\/v2\/posts\/1535\/revisions"}],"predecessor-version":[{"id":1539,"href":"https:\/\/kinocubecinema.com\/index.php\/wp-json\/wp\/v2\/posts\/1535\/revisions\/1539"}],"wp:featuredmedia":[{"embeddable":true,"href":"https:\/\/kinocubecinema.com\/index.php\/wp-json\/wp\/v2\/media\/1538"}],"wp:attachment":[{"href":"https:\/\/kinocubecinema.com\/index.php\/wp-json\/wp\/v2\/media?parent=1535"}],"wp:term":[{"taxonomy":"category","embeddable":true,"href":"https:\/\/kinocubecinema.com\/index.php\/wp-json\/wp\/v2\/categories?post=1535"},{"taxonomy":"post_tag","embeddable":true,"href":"https:\/\/kinocubecinema.com\/index.php\/wp-json\/wp\/v2\/tags?post=1535"}],"curies":[{"name":"wp","href":"https:\/\/api.w.org\/{rel}","templated":true}]}}