{"id":1491,"date":"2024-05-13T09:12:51","date_gmt":"2024-05-13T07:12:51","guid":{"rendered":"https:\/\/kinocubecinema.com\/?p=1491"},"modified":"2024-05-13T09:35:37","modified_gmt":"2024-05-13T07:35:37","slug":"as-neves-recomendacions-para-as-letras-galegas-2024","status":"publish","type":"post","link":"https:\/\/kinocubecinema.com\/index.php\/2024\/05\/13\/as-neves-recomendacions-para-as-letras-galegas-2024\/","title":{"rendered":"As Neves &#8211; Recomendaci\u00f3ns para as Letras Galegas 2024"},"content":{"rendered":"\t\t<div data-elementor-type=\"wp-post\" data-elementor-id=\"1491\" class=\"elementor elementor-1491\" data-elementor-post-type=\"post\">\n\t\t\t\t<div class=\"elementor-element elementor-element-53911e42 e-flex e-con-boxed e-con e-parent\" data-id=\"53911e42\" data-element_type=\"container\" data-core-v316-plus=\"true\">\n\t\t\t\t\t<div class=\"e-con-inner\">\n\t\t\t\t<div class=\"elementor-element elementor-element-bade652 elementor-widget elementor-widget-text-editor\" data-id=\"bade652\" data-element_type=\"widget\" data-widget_type=\"text-editor.default\">\n\t\t\t\t<div class=\"elementor-widget-container\">\n\t\t\t<style>\/*! elementor - v3.20.0 - 10-04-2024 *\/\n.elementor-widget-text-editor.elementor-drop-cap-view-stacked .elementor-drop-cap{background-color:#69727d;color:#fff}.elementor-widget-text-editor.elementor-drop-cap-view-framed .elementor-drop-cap{color:#69727d;border:3px solid;background-color:transparent}.elementor-widget-text-editor:not(.elementor-drop-cap-view-default) .elementor-drop-cap{margin-top:8px}.elementor-widget-text-editor:not(.elementor-drop-cap-view-default) .elementor-drop-cap-letter{width:1em;height:1em}.elementor-widget-text-editor .elementor-drop-cap{float:left;text-align:center;line-height:1;font-size:50px}.elementor-widget-text-editor .elementor-drop-cap-letter{display:inline-block}<\/style>\t\t\t\t<p><strong>A\u00ednda restan alg\u00fans d\u00edas para o d\u00eda das Letras Galegas, pero imos adiantar as nosas recomendaci\u00f3ns para que aproveitedes o tempo de aqu\u00ed a data e vos po\u00f1ades a ton cunha selecci\u00f3n de filmes galegos, todos eles moi recentes e de gran calidade. Desfrut\u00e1dea!<\/strong><\/p>\t\t\t\t\t\t<\/div>\n\t\t\t\t<\/div>\n\t\t\t\t\t<\/div>\n\t\t\t\t<\/div>\n\t\t<div class=\"elementor-element elementor-element-81c5cb7 e-flex e-con-boxed e-con e-parent\" data-id=\"81c5cb7\" data-element_type=\"container\" data-core-v316-plus=\"true\">\n\t\t\t\t\t<div class=\"e-con-inner\">\n\t\t\t\t<div class=\"elementor-element elementor-element-1a1143d elementor-widget elementor-widget-heading\" data-id=\"1a1143d\" data-element_type=\"widget\" data-widget_type=\"heading.default\">\n\t\t\t\t<div class=\"elementor-widget-container\">\n\t\t\t<style>\/*! elementor - v3.20.0 - 10-04-2024 *\/\n.elementor-heading-title{padding:0;margin:0;line-height:1}.elementor-widget-heading .elementor-heading-title[class*=elementor-size-]>a{color:inherit;font-size:inherit;line-height:inherit}.elementor-widget-heading .elementor-heading-title.elementor-size-small{font-size:15px}.elementor-widget-heading .elementor-heading-title.elementor-size-medium{font-size:19px}.elementor-widget-heading .elementor-heading-title.elementor-size-large{font-size:29px}.elementor-widget-heading .elementor-heading-title.elementor-size-xl{font-size:39px}.elementor-widget-heading .elementor-heading-title.elementor-size-xxl{font-size:59px}<\/style><h4 class=\"elementor-heading-title elementor-size-default\">As Neves (Sonia M\u00e9ndez, 2024)<\/h4>\t\t<\/div>\n\t\t\t\t<\/div>\n\t\t\t\t<div class=\"elementor-element elementor-element-f8d0175 elementor-widget elementor-widget-video\" data-id=\"f8d0175\" data-element_type=\"widget\" data-settings=\"{&quot;youtube_url&quot;:&quot;https:\\\/\\\/youtu.be\\\/tO3SeaaArgA&quot;,&quot;video_type&quot;:&quot;youtube&quot;,&quot;controls&quot;:&quot;yes&quot;}\" data-widget_type=\"video.default\">\n\t\t\t\t<div class=\"elementor-widget-container\">\n\t\t\t<style>\/*! elementor - v3.20.0 - 10-04-2024 *\/\n.elementor-widget-video .elementor-widget-container{overflow:hidden;transform:translateZ(0)}.elementor-widget-video .elementor-wrapper{aspect-ratio:var(--video-aspect-ratio)}.elementor-widget-video .elementor-wrapper iframe,.elementor-widget-video .elementor-wrapper video{height:100%;width:100%;display:flex;border:none;background-color:#000}@supports not (aspect-ratio:1\/1){.elementor-widget-video .elementor-wrapper{position:relative;overflow:hidden;height:0;padding-bottom:calc(100% \/ var(--video-aspect-ratio))}.elementor-widget-video .elementor-wrapper iframe,.elementor-widget-video .elementor-wrapper video{position:absolute;top:0;right:0;bottom:0;left:0}}.elementor-widget-video .elementor-open-inline .elementor-custom-embed-image-overlay{position:absolute;top:0;right:0;bottom:0;left:0;background-size:cover;background-position:50%}.elementor-widget-video .elementor-custom-embed-image-overlay{cursor:pointer;text-align:center}.elementor-widget-video .elementor-custom-embed-image-overlay:hover .elementor-custom-embed-play i{opacity:1}.elementor-widget-video .elementor-custom-embed-image-overlay img{display:block;width:100%;aspect-ratio:var(--video-aspect-ratio);-o-object-fit:cover;object-fit:cover;-o-object-position:center center;object-position:center center}@supports not (aspect-ratio:1\/1){.elementor-widget-video .elementor-custom-embed-image-overlay{position:relative;overflow:hidden;height:0;padding-bottom:calc(100% \/ var(--video-aspect-ratio))}.elementor-widget-video .elementor-custom-embed-image-overlay img{position:absolute;top:0;right:0;bottom:0;left:0}}.elementor-widget-video .e-hosted-video .elementor-video{-o-object-fit:cover;object-fit:cover}.e-con-inner>.elementor-widget-video,.e-con>.elementor-widget-video{width:var(--container-widget-width);--flex-grow:var(--container-widget-flex-grow)}<\/style>\t\t<div class=\"elementor-wrapper elementor-open-inline\">\n\t\t\t<div class=\"elementor-video\"><\/div>\t\t<\/div>\n\t\t\t\t<\/div>\n\t\t\t\t<\/div>\n\t\t\t\t<div class=\"elementor-element elementor-element-b8f2e83 elementor-widget elementor-widget-text-editor\" data-id=\"b8f2e83\" data-element_type=\"widget\" data-widget_type=\"text-editor.default\">\n\t\t\t\t<div class=\"elementor-widget-container\">\n\t\t\t\t\t\t\t<p>Estreada o pasado 10 de maio, a \u00f3pera prima de Sonia M\u00e9ndez \u00e9 un filme sorprendente cun traballo de direcci\u00f3n de actores e actrices inmellorable. O reparto adolescente brilla como luz reflectida da neve indolente que illa aos nosos protagonistas e a direcci\u00f3n de arte remata por empaquetar unha pel\u00edcula redonda de principio a fin, na que se tratan con gran sensibilidade temas moi cr\u00fas ao tempo que relata unha historia de x\u00e9nero <em>thriller<\/em> que nos deixa a todos pegados \u00e1 butaca.\u00a0<\/p>\n<p>Non deixedes pasar a oportunidade de vela nos cinemas!<\/p>\n<p><img fetchpriority=\"high\" decoding=\"async\" class=\"alignnone size-medium\" src=\"https:\/\/pbs.twimg.com\/media\/GNJdUeLWcAAX-Bl.jpg\" alt=\"As neves, onde ver.\" width=\"1080\" height=\"1080\" \/><\/p>\t\t\t\t\t\t<\/div>\n\t\t\t\t<\/div>\n\t\t\t\t\t<\/div>\n\t\t\t\t<\/div>\n\t\t<div class=\"elementor-element elementor-element-05d3f59 e-flex e-con-boxed e-con e-parent\" data-id=\"05d3f59\" data-element_type=\"container\" data-core-v316-plus=\"true\">\n\t\t\t\t\t<div class=\"e-con-inner\">\n\t\t\t\t<div class=\"elementor-element elementor-element-256fbfa elementor-widget elementor-widget-heading\" data-id=\"256fbfa\" data-element_type=\"widget\" data-widget_type=\"heading.default\">\n\t\t\t\t<div class=\"elementor-widget-container\">\n\t\t\t<h4 class=\"elementor-heading-title elementor-size-default\">Os espazos en branco (Bruno Arias, 2023)<\/h4>\t\t<\/div>\n\t\t\t\t<\/div>\n\t\t\t\t<div class=\"elementor-element elementor-element-55dc28e elementor-widget elementor-widget-image\" data-id=\"55dc28e\" data-element_type=\"widget\" data-widget_type=\"image.default\">\n\t\t\t\t<div class=\"elementor-widget-container\">\n\t\t\t<style>\/*! elementor - v3.20.0 - 10-04-2024 *\/\n.elementor-widget-image{text-align:center}.elementor-widget-image a{display:inline-block}.elementor-widget-image a img[src$=\".svg\"]{width:48px}.elementor-widget-image img{vertical-align:middle;display:inline-block}<\/style>\t\t\t\t\t\t\t\t\t\t<img decoding=\"async\" src=\"https:\/\/pics.filmaffinity.com\/Os_espazos_en_branco-265575806-large.jpg\" title=\"\" alt=\"Os espazos en branco (Bruno Arias, 2024)\" loading=\"lazy\" \/>\t\t\t\t\t\t\t\t\t\t\t\t\t<\/div>\n\t\t\t\t<\/div>\n\t\t\t\t<div class=\"elementor-element elementor-element-53f1fc4 elementor-widget elementor-widget-text-editor\" data-id=\"53f1fc4\" data-element_type=\"widget\" data-widget_type=\"text-editor.default\">\n\t\t\t\t<div class=\"elementor-widget-container\">\n\t\t\t\t\t\t\t<p>Neste documental, ga\u00f1ador na s\u00faa categor\u00eda nos XXXII Premios Mestre Mateo, o cineasta Bruno Arias afonda na figura da s\u00faa t\u00eda, a escritora Xela Arias, procurando \u00e1 muller detr\u00e1s da figura p\u00fablica e reflexionando sobre a memoria persoal e a s\u00faa relaci\u00f3n coa imaxe. O poder cat\u00e1rtico do cinema para curar as feridas do tempo.<\/p>\t\t\t\t\t\t<\/div>\n\t\t\t\t<\/div>\n\t\t\t\t\t<\/div>\n\t\t\t\t<\/div>\n\t\t<div class=\"elementor-element elementor-element-3dd9dcb e-flex e-con-boxed e-con e-parent\" data-id=\"3dd9dcb\" data-element_type=\"container\" data-core-v316-plus=\"true\">\n\t\t\t\t\t<div class=\"e-con-inner\">\n\t\t\t\t<div class=\"elementor-element elementor-element-a06b93c elementor-widget elementor-widget-heading\" data-id=\"a06b93c\" data-element_type=\"widget\" data-widget_type=\"heading.default\">\n\t\t\t\t<div class=\"elementor-widget-container\">\n\t\t\t<h4 class=\"elementor-heading-title elementor-size-default\">Non te vexo (Xacio Ba\u00f1o, 2023)<\/h4>\t\t<\/div>\n\t\t\t\t<\/div>\n\t\t\t\t<div class=\"elementor-element elementor-element-29fa916 elementor-widget elementor-widget-image\" data-id=\"29fa916\" data-element_type=\"widget\" data-widget_type=\"image.default\">\n\t\t\t\t<div class=\"elementor-widget-container\">\n\t\t\t\t\t\t\t\t\t\t\t\t\t<img decoding=\"async\" src=\"https:\/\/www.premiosgoya.com\/wp-content\/uploads\/2023\/11\/system\/uploads\/short_film\/poster\/2727\/NTV_cartel-460x651.jpg\" title=\"\" alt=\"Non te vexo (Xacio Ba\u00f1o, 2023)\" loading=\"lazy\" \/>\t\t\t\t\t\t\t\t\t\t\t\t\t<\/div>\n\t\t\t\t<\/div>\n\t\t\t\t<div class=\"elementor-element elementor-element-3e1b3f6 elementor-widget elementor-widget-text-editor\" data-id=\"3e1b3f6\" data-element_type=\"widget\" data-widget_type=\"text-editor.default\">\n\t\t\t\t<div class=\"elementor-widget-container\">\n\t\t\t\t\t\t\t<p>Seguimos no x\u00e9nero documental, cunha curta que ten moito que ver coa anterior. Xacio Ba\u00f1o, en Non te vexo (2023) constr\u00fae un ensaio brillante sobre aquelas imaxes descartadas, que non foron escollidas para formar parte da memoria das persoas.\u00a0<\/p>\t\t\t\t\t\t<\/div>\n\t\t\t\t<\/div>\n\t\t\t\t\t<\/div>\n\t\t\t\t<\/div>\n\t\t<div class=\"elementor-element elementor-element-908fbbf e-flex e-con-boxed e-con e-parent\" data-id=\"908fbbf\" data-element_type=\"container\" data-core-v316-plus=\"true\">\n\t\t\t\t\t<div class=\"e-con-inner\">\n\t\t\t\t<div class=\"elementor-element elementor-element-e358d49 elementor-widget elementor-widget-heading\" data-id=\"e358d49\" data-element_type=\"widget\" data-widget_type=\"heading.default\">\n\t\t\t\t<div class=\"elementor-widget-container\">\n\t\t\t<h4 class=\"elementor-heading-title elementor-size-default\">Matria (\u00c1lvaro Gago, 2023)<\/h4>\t\t<\/div>\n\t\t\t\t<\/div>\n\t\t\t\t<div class=\"elementor-element elementor-element-81c529e elementor-widget elementor-widget-image\" data-id=\"81c529e\" data-element_type=\"widget\" data-widget_type=\"image.default\">\n\t\t\t\t<div class=\"elementor-widget-container\">\n\t\t\t\t\t\t\t\t\t\t\t\t\t<img decoding=\"async\" src=\"https:\/\/www.publico.es\/uploads\/2023\/03\/21\/6419fa4c1f862.jpeg\" title=\"\" alt=\"Matria (\u00c1lvaro Gago, 2023)\" loading=\"lazy\" \/>\t\t\t\t\t\t\t\t\t\t\t\t\t<\/div>\n\t\t\t\t<\/div>\n\t\t\t\t<div class=\"elementor-element elementor-element-4583484 elementor-widget elementor-widget-text-editor\" data-id=\"4583484\" data-element_type=\"widget\" data-widget_type=\"text-editor.default\">\n\t\t\t\t<div class=\"elementor-widget-container\">\n\t\t\t\t\t\t\t<p>Un dos filmes m\u00e1is sonados do ano pasado, no que Mar\u00eda V\u00e1zquez, baixo a direcci\u00f3n de \u00c1lvaro Gago, traslada unha historia real a un retrato universal da muller traballadora, da muller sufridora e indolente que tenta servir de piar \u00e1s persoas que a arrodean a pesar de todo, aquela sobre a que se constr\u00fae o arquetipo do &#8220;matriarcado galego&#8221;. Que hai de certo no clich\u00e9? Ollade este filme para achar a resposta.<\/p>\n<p>Feliz d\u00eda das Letras Galegas!<\/p>\t\t\t\t\t\t<\/div>\n\t\t\t\t<\/div>\n\t\t\t\t\t<\/div>\n\t\t\t\t<\/div>\n\t\t\t\t<\/div>\n\t\t","protected":false},"excerpt":{"rendered":"<p>A\u00ednda restan alg\u00fans d\u00edas para o d\u00eda das Letras Galegas, pero imos adiantar as nosas recomendaci\u00f3ns para que aproveitedes o tempo de aqu\u00ed a data e vos po\u00f1ades a ton cunha selecci\u00f3n de filmes galegos, todos eles moi recentes e de gran calidade. Desfrut\u00e1dea! As Neves (Sonia M\u00e9ndez, 2024) https:\/\/youtu.be\/tO3SeaaArgA Estreada o pasado 10 de [&hellip;]<\/p>\n","protected":false},"author":1,"featured_media":1496,"comment_status":"open","ping_status":"open","sticky":false,"template":"","format":"standard","meta":{"footnotes":""},"categories":[80],"tags":[8,182,140,181,254],"class_list":["post-1491","post","type-post","status-publish","format-standard","has-post-thumbnail","hentry","category-recomendacions","tag-cinema","tag-letras-galegas","tag-literatura","tag-literatura-galega","tag-recomendacions-letras-galegas"],"_links":{"self":[{"href":"https:\/\/kinocubecinema.com\/index.php\/wp-json\/wp\/v2\/posts\/1491","targetHints":{"allow":["GET"]}}],"collection":[{"href":"https:\/\/kinocubecinema.com\/index.php\/wp-json\/wp\/v2\/posts"}],"about":[{"href":"https:\/\/kinocubecinema.com\/index.php\/wp-json\/wp\/v2\/types\/post"}],"author":[{"embeddable":true,"href":"https:\/\/kinocubecinema.com\/index.php\/wp-json\/wp\/v2\/users\/1"}],"replies":[{"embeddable":true,"href":"https:\/\/kinocubecinema.com\/index.php\/wp-json\/wp\/v2\/comments?post=1491"}],"version-history":[{"count":10,"href":"https:\/\/kinocubecinema.com\/index.php\/wp-json\/wp\/v2\/posts\/1491\/revisions"}],"predecessor-version":[{"id":1502,"href":"https:\/\/kinocubecinema.com\/index.php\/wp-json\/wp\/v2\/posts\/1491\/revisions\/1502"}],"wp:featuredmedia":[{"embeddable":true,"href":"https:\/\/kinocubecinema.com\/index.php\/wp-json\/wp\/v2\/media\/1496"}],"wp:attachment":[{"href":"https:\/\/kinocubecinema.com\/index.php\/wp-json\/wp\/v2\/media?parent=1491"}],"wp:term":[{"taxonomy":"category","embeddable":true,"href":"https:\/\/kinocubecinema.com\/index.php\/wp-json\/wp\/v2\/categories?post=1491"},{"taxonomy":"post_tag","embeddable":true,"href":"https:\/\/kinocubecinema.com\/index.php\/wp-json\/wp\/v2\/tags?post=1491"}],"curies":[{"name":"wp","href":"https:\/\/api.w.org\/{rel}","templated":true}]}}