{"id":1108,"date":"2024-03-15T09:48:09","date_gmt":"2024-03-15T08:48:09","guid":{"rendered":"https:\/\/kinocubecinema.com\/?p=1108"},"modified":"2024-04-23T22:44:18","modified_gmt":"2024-04-23T20:44:18","slug":"o-ollo-e-a-maquina-ciclo-de-cinema","status":"publish","type":"post","link":"https:\/\/kinocubecinema.com\/index.php\/2024\/03\/15\/o-ollo-e-a-maquina-ciclo-de-cinema\/","title":{"rendered":"O ollo e a m\u00e1quina &#8211; Ciclo de cinema"},"content":{"rendered":"\n<p>Kinocube ten a honra de colaborar co <a href=\"http:\/\/cesga.es\/gl\">Centro de Supercomputaci\u00f3n de Galicia (CESGA)<\/a> e o <a href=\"https:\/\/cgac.xunta.gal\/gl\">Centro Galego de Arte Contempor\u00e1nea (CGAC)<\/a> para ofrecer un ciclo de cinema durante o mes de abril. <em>O ollo e a m\u00e1quina<\/em> \u00e9 un percorrido narrativo, hist\u00f3rico, est\u00e9tico e cient\u00edfico pola sociedade occidental no s\u00e9culo XX a trav\u00e9s do concepto de computaci\u00f3n e a s\u00faa representaci\u00f3n audiovisual.<\/p>\n\n\n\n<p>Os nosos obxectivos son salientar a importancia do cinema como construtor de <em>ficci\u00f3ns<\/em> arredor da ciencia e do progreso tecnol\u00f3xico; e polo tanto a s\u00faa capacidade para recoller, constru\u00edr e <a href=\"https:\/\/kinocubecinema.com\/index.php\/2021\/03\/23\/espello-espellino\/\" data-type=\"post\" data-id=\"445\">reflectir a imaxe<\/a> -m\u00e1is ou menos deformada- do contexto hist\u00f3rico e social no que se desenvolve; explicar as intersecci\u00f3ns entre a ciencia, a tecnolox\u00eda e o cinema, con especial atenci\u00f3n na f\u00edsica e na computaci\u00f3n, dende a invenci\u00f3n do cinemat\u00f3grafo at\u00e9 a actualidade; establecer paralelismos entre diferentes \u00e9pocas cinematogr\u00e1ficas a trav\u00e9s do corpus f\u00edlmico exposto e mais da s\u00faa percepci\u00f3n por parte da audiencia da \u00e9poca, da s\u00faa influencia est\u00e9tica e no pensamento e abrir o debate entorno \u00e1 ciencia ficci\u00f3n e o seu di\u00e1logo coa realidade cient\u00edfica e social. Dividimos esta li\u00f1a hist\u00f3rica en cinco eras, para maior practicidade, segundo o estado da tecnolox\u00eda e a arte e de maneira cronol\u00f3xica: a Era da m\u00e1quina, a Era at\u00f3mica, a Era espacial, a Era da informaci\u00f3n e a Era cu\u00e1ntica. <\/p>\n\n\n\n<p>O ciclo ter\u00e1 lugar no Auditorio do CGAG os d\u00edas 5, 11, 12, 18 e 19 de abril \u00e1s 18.00h e cada filme contar\u00e1 cun pequeno coloquio posterior no que reflexionar sobre todas estas cuesti\u00f3ns. <\/p>\n\n\n\n<p>Propux\u00e9mosnos acompa\u00f1ar a cada proxecci\u00f3n dun artigo que expanda e complemente a informaci\u00f3n exposta no ciclo. Poderedes atopar toda a informaci\u00f3n sobre este proxecto <a href=\"https:\/\/www.cesga.es\/gl\/o-ollo-e-a-maquina-2\/\">na web do CESGA<\/a>, na web do CGAC e mais na etiqueta desta bit\u00e1cora: <a href=\"https:\/\/kinocubecinema.com\/index.php\/tag\/o-ollo-e-a-maquina\/\" data-type=\"post_tag\" data-id=\"245\">O ollo e a m\u00e1quina<\/a>.<\/p>\n\n\n\n<ol class=\"wp-block-list\">\n<li><a href=\"https:\/\/kinocubecinema.com\/index.php\/2024\/04\/02\/o-ollo-e-a-maquina-i-a-era-da-maquina\/\" data-type=\"post\" data-id=\"1116\">A Era da m\u00e1quina<\/a><\/li>\n\n\n\n<li><a href=\"https:\/\/kinocubecinema.com\/index.php\/2024\/04\/09\/o-ollo-e-a-maquina-ii-a-era-atomica\/\" data-type=\"post\" data-id=\"1210\">A Era at\u00f3mica<\/a><\/li>\n\n\n\n<li><a href=\"https:\/\/kinocubecinema.com\/index.php\/2024\/04\/15\/o-ollo-e-a-maquina-iii-a-era-espacial\/\">A Era espacial<\/a><\/li>\n\n\n\n<li><a href=\"https:\/\/kinocubecinema.com\/index.php\/2024\/04\/21\/o-ollo-e-a-maquina-iv-a-era-da-informacion\/\" data-type=\"post\" data-id=\"1124\">A Era da informaci\u00f3n<\/a><\/li>\n\n\n\n<li><a href=\"https:\/\/kinocubecinema.com\/index.php\/2024\/04\/23\/o-ollo-e-a-maquina-v-a-era-cuantica\/\">A Era cu\u00e1ntica<\/a><\/li>\n<\/ol>\n\n\n\n<p>Bot\u00e1delles un ollo aos artigos que iremos subindo nos vindeiros d\u00edas!<\/p>\n","protected":false},"excerpt":{"rendered":"<p>Kinocube ten a honra de colaborar co Centro de Supercomputaci\u00f3n de Galicia (CESGA) e o Centro Galego de Arte Contempor\u00e1nea (CGAC) para ofrecer un ciclo de cinema durante o mes de abril. O ollo e a m\u00e1quina \u00e9 un percorrido narrativo, hist\u00f3rico, est\u00e9tico e cient\u00edfico pola sociedade occidental no s\u00e9culo XX a trav\u00e9s do concepto [&hellip;]<\/p>\n","protected":false},"author":1,"featured_media":1135,"comment_status":"open","ping_status":"open","sticky":false,"template":"","format":"standard","meta":{"footnotes":""},"categories":[16,246],"tags":[252,249,248,247,253,251,245,78],"class_list":["post-1108","post","type-post","status-publish","format-standard","has-post-thumbnail","hentry","category-episodios","category-o-ollo-e-a-maquina","tag-arte-e-ciencia","tag-ciclo-de-cinema","tag-ciencia","tag-ciencia-ficcion","tag-computadores","tag-futurismo","tag-o-ollo-e-a-maquina","tag-tecnoloxia"],"_links":{"self":[{"href":"https:\/\/kinocubecinema.com\/index.php\/wp-json\/wp\/v2\/posts\/1108","targetHints":{"allow":["GET"]}}],"collection":[{"href":"https:\/\/kinocubecinema.com\/index.php\/wp-json\/wp\/v2\/posts"}],"about":[{"href":"https:\/\/kinocubecinema.com\/index.php\/wp-json\/wp\/v2\/types\/post"}],"author":[{"embeddable":true,"href":"https:\/\/kinocubecinema.com\/index.php\/wp-json\/wp\/v2\/users\/1"}],"replies":[{"embeddable":true,"href":"https:\/\/kinocubecinema.com\/index.php\/wp-json\/wp\/v2\/comments?post=1108"}],"version-history":[{"count":11,"href":"https:\/\/kinocubecinema.com\/index.php\/wp-json\/wp\/v2\/posts\/1108\/revisions"}],"predecessor-version":[{"id":1478,"href":"https:\/\/kinocubecinema.com\/index.php\/wp-json\/wp\/v2\/posts\/1108\/revisions\/1478"}],"wp:featuredmedia":[{"embeddable":true,"href":"https:\/\/kinocubecinema.com\/index.php\/wp-json\/wp\/v2\/media\/1135"}],"wp:attachment":[{"href":"https:\/\/kinocubecinema.com\/index.php\/wp-json\/wp\/v2\/media?parent=1108"}],"wp:term":[{"taxonomy":"category","embeddable":true,"href":"https:\/\/kinocubecinema.com\/index.php\/wp-json\/wp\/v2\/categories?post=1108"},{"taxonomy":"post_tag","embeddable":true,"href":"https:\/\/kinocubecinema.com\/index.php\/wp-json\/wp\/v2\/tags?post=1108"}],"curies":[{"name":"wp","href":"https:\/\/api.w.org\/{rel}","templated":true}]}}